{"id":20456,"date":"2023-09-06T07:10:13","date_gmt":"2023-09-06T06:10:13","guid":{"rendered":"https:\/\/bcarparts.com\/?p=20456"},"modified":"2026-03-05T14:17:55","modified_gmt":"2026-03-05T13:17:55","slug":"visita-nuestro-stand-en-automechanika-dubai-2023","status":"publish","type":"post","link":"https:\/\/bcarparts.com\/fr\/visita-nuestro-stand-en-automechanika-dubai-2023\/","title":{"rendered":"Visite nuestro stand en Automechanika Dubai 2023 (2-4 Octubre)"},"content":{"rendered":"<hr class=\"wp-block-separator has-alpha-channel-opacity\"\/>\n\n\n\n<p>BCAR estar\u00e1 presente en la 20\u00aa edici\u00f3n de Automechanika Dub\u00e1i que acoger\u00e1 a un n\u00famero r\u00e9cord de visitantes a la exposici\u00f3n mundial de la industria de la posventa del autom\u00f3vil.<\/p>\n\n\n\n<p>Los organizadores de esta edici\u00f3n conocida como&nbsp; la mayor feria internacional de Oriente Medio y \u00c1frica para el sector de la posventa de automoci\u00f3n, se preparan para celebrar la mayor edici\u00f3n en las dos d\u00e9cadas de historia de la feria que se llevar\u00e1 a cabo del <strong>2 al 4 de octubre en el Dubai World Trade Centre (DWTC).<\/strong><\/p>\n\n\n\n<p>Podr\u00e1 conocer todas las novedades y nuevas incorporaciones de referencias en nuestra gama de productos:<\/p>\n\n\n\n<ul class=\"wp-block-list\">\n<li>Cables de Cambios<\/li>\n\n\n\n<li>Freno de Estacionamiento El\u00e9ctrico<\/li>\n\n\n\n<li>Llaves: Mandos a distancia y Carcasas<\/li>\n\n\n\n<li>&#8230; \u00a1y prep\u00e1rese para conocer nuestro \u00faltimo lanzamiento en este evento!<\/li>\n<\/ul>\n\n\n\n<p>Si desea conocer todo el portfolio de productos, nuestro equipo Responsables de Ventas estar\u00e1 encantado de atenderle.<\/p>\n\n\n\n<p>&nbsp;<strong style=\"background-color: transparent;\">Vis\u00edtenos en el Pabell\u00f3n 8, Stand D23, o si desea ser atendido directamente por nuestro equipo puede hacer clic en el siguiente enlace:<\/strong><\/p>\n\n\n\n<p>\t\t\t<a href=\"https:\/\/calendly.com\/bcar\/autoparts-automechanika-dubai?month=2023-10\"><br>\n\t\t\t\t\t\tAGENDAR REUNI\u00d3N<br>\n\t\t\t\t\t<\/a><\/p>\n\n\n\n<p>Si necesita informaci\u00f3n adicional, p\u00f3ngase en contacto con nosotros en la siguiente direcci\u00f3n de correo electr\u00f3nico: sales2@bcarparts.com&nbsp;<\/p>\n\n\n\n<p><\/p>\n\n\n\n<p>\u00a1Esperamos verle pronto en nuestro stand!<\/p>\n\n\n\n<p><\/p>\n\n\n\n<p><strong>#BCAR&nbsp;#automechanikaDu&nbsp;#automotiveindustry&nbsp;#automotiveaftermarket<\/strong><\/p>","protected":false},"excerpt":{"rendered":"<p>BCAR estar\u00e1 presente en la 20\u00aa edici\u00f3n de Automechanika Dub\u00e1i que acoger\u00e1 a un n\u00famero r\u00e9cord de visitantes a la exposici\u00f3n mundial de la industria de la posventa del autom\u00f3vil. Los organizadores de esta edici\u00f3n conocida como&nbsp; la mayor feria internacional de Oriente Medio y \u00c1frica para el sector de la posventa de automoci\u00f3n, se [&hellip;]<\/p>\n","protected":false},"author":1,"featured_media":20473,"comment_status":"closed","ping_status":"open","sticky":false,"template":"","format":"standard","meta":{"footnotes":""},"categories":[102],"tags":[101,14,103,104],"class_list":["post-20456","post","type-post","status-publish","format-standard","has-post-thumbnail","hentry","category-ferias-bcar","tag-automechanika-dubai-2","tag-automocion","tag-productos","tag-productos-nicho"],"yoast_head":"<!-- This site is optimized with the Yoast SEO plugin v27.5 - https:\/\/yoast.com\/product\/yoast-seo-wordpress\/ -->\n<title>Visita nuestro stand en Automechanika Dubai 2023<\/title>\n<meta name=\"description\" content=\"BCAR anuncia su participaci\u00f3n en la 20a edici\u00f3n de Automechanika Dubai a realizarse del 2 al 4 de Octubre en el Dubai World Trade Centre...\" \/>\n<meta name=\"robots\" content=\"index, follow, max-snippet:-1, max-image-preview:large, max-video-preview:-1\" \/>\n<link rel=\"canonical\" href=\"https:\/\/bcarparts.com\/fr\/visita-nuestro-stand-en-automechanika-dubai-2023\/\" \/>\n<meta property=\"og:locale\" content=\"fr_FR\" \/>\n<meta property=\"og:type\" content=\"article\" \/>\n<meta property=\"og:title\" content=\"Visita nuestro stand en Automechanika Dubai 2023\" \/>\n<meta property=\"og:description\" content=\"BCAR anuncia su participaci\u00f3n en la 20a edici\u00f3n de Automechanika Dubai a realizarse del 2 al 4 de Octubre en el Dubai World Trade Centre...\" \/>\n<meta property=\"og:url\" content=\"https:\/\/bcarparts.com\/fr\/visita-nuestro-stand-en-automechanika-dubai-2023\/\" \/>\n<meta property=\"og:site_name\" content=\"BCAR\" \/>\n<meta property=\"article:published_time\" content=\"2023-09-06T06:10:13+00:00\" \/>\n<meta property=\"article:modified_time\" content=\"2026-03-05T13:17:55+00:00\" \/>\n<meta property=\"og:image\" content=\"https:\/\/bcarparts.com\/wp-content\/uploads\/2023\/09\/automechanika-dubai-2023.jpg\" \/>\n\t<meta property=\"og:image:width\" content=\"1640\" \/>\n\t<meta property=\"og:image:height\" content=\"924\" \/>\n\t<meta property=\"og:image:type\" content=\"image\/jpeg\" \/>\n<meta name=\"author\" content=\"nasser\" \/>\n<meta name=\"twitter:card\" content=\"summary_large_image\" \/>\n<meta name=\"twitter:label1\" content=\"\u00c9crit par\" \/>\n\t<meta name=\"twitter:data1\" content=\"nasser\" \/>\n\t<meta name=\"twitter:label2\" content=\"Dur\u00e9e de lecture estim\u00e9e\" \/>\n\t<meta name=\"twitter:data2\" content=\"1 minute\" \/>\n<script type=\"application\/ld+json\" class=\"yoast-schema-graph\">{\"@context\":\"https:\\\/\\\/schema.org\",\"@graph\":[{\"@type\":\"Article\",\"@id\":\"https:\\\/\\\/bcarparts.com\\\/visita-nuestro-stand-en-automechanika-dubai-2023\\\/#article\",\"isPartOf\":{\"@id\":\"https:\\\/\\\/bcarparts.com\\\/visita-nuestro-stand-en-automechanika-dubai-2023\\\/\"},\"author\":{\"name\":\"nasser\",\"@id\":\"https:\\\/\\\/bcarparts.com\\\/#\\\/schema\\\/person\\\/d23e312973965e6b9da58e1d1133e5eb\"},\"headline\":\"Visite nuestro stand en Automechanika Dubai 2023 (2-4 Octubre)\",\"datePublished\":\"2023-09-06T06:10:13+00:00\",\"dateModified\":\"2026-03-05T13:17:55+00:00\",\"mainEntityOfPage\":{\"@id\":\"https:\\\/\\\/bcarparts.com\\\/visita-nuestro-stand-en-automechanika-dubai-2023\\\/\"},\"wordCount\":226,\"publisher\":{\"@id\":\"https:\\\/\\\/bcarparts.com\\\/#organization\"},\"image\":{\"@id\":\"https:\\\/\\\/bcarparts.com\\\/visita-nuestro-stand-en-automechanika-dubai-2023\\\/#primaryimage\"},\"thumbnailUrl\":\"https:\\\/\\\/bcarparts.com\\\/wp-content\\\/uploads\\\/2023\\\/09\\\/automechanika-dubai-2023.jpg\",\"keywords\":[\"automechanika dubai\",\"automocion\",\"productos\",\"productos nicho\"],\"articleSection\":[\"FERIAS\"],\"inLanguage\":\"fr-FR\"},{\"@type\":\"WebPage\",\"@id\":\"https:\\\/\\\/bcarparts.com\\\/visita-nuestro-stand-en-automechanika-dubai-2023\\\/\",\"url\":\"https:\\\/\\\/bcarparts.com\\\/visita-nuestro-stand-en-automechanika-dubai-2023\\\/\",\"name\":\"Visita nuestro stand en Automechanika Dubai 2023\",\"isPartOf\":{\"@id\":\"https:\\\/\\\/bcarparts.com\\\/#website\"},\"primaryImageOfPage\":{\"@id\":\"https:\\\/\\\/bcarparts.com\\\/visita-nuestro-stand-en-automechanika-dubai-2023\\\/#primaryimage\"},\"image\":{\"@id\":\"https:\\\/\\\/bcarparts.com\\\/visita-nuestro-stand-en-automechanika-dubai-2023\\\/#primaryimage\"},\"thumbnailUrl\":\"https:\\\/\\\/bcarparts.com\\\/wp-content\\\/uploads\\\/2023\\\/09\\\/automechanika-dubai-2023.jpg\",\"datePublished\":\"2023-09-06T06:10:13+00:00\",\"dateModified\":\"2026-03-05T13:17:55+00:00\",\"description\":\"BCAR anuncia su participaci\u00f3n en la 20a edici\u00f3n de Automechanika Dubai a realizarse del 2 al 4 de Octubre en el Dubai World Trade Centre...\",\"breadcrumb\":{\"@id\":\"https:\\\/\\\/bcarparts.com\\\/visita-nuestro-stand-en-automechanika-dubai-2023\\\/#breadcrumb\"},\"inLanguage\":\"fr-FR\",\"potentialAction\":[{\"@type\":\"ReadAction\",\"target\":[\"https:\\\/\\\/bcarparts.com\\\/visita-nuestro-stand-en-automechanika-dubai-2023\\\/\"]}]},{\"@type\":\"ImageObject\",\"inLanguage\":\"fr-FR\",\"@id\":\"https:\\\/\\\/bcarparts.com\\\/visita-nuestro-stand-en-automechanika-dubai-2023\\\/#primaryimage\",\"url\":\"https:\\\/\\\/bcarparts.com\\\/wp-content\\\/uploads\\\/2023\\\/09\\\/automechanika-dubai-2023.jpg\",\"contentUrl\":\"https:\\\/\\\/bcarparts.com\\\/wp-content\\\/uploads\\\/2023\\\/09\\\/automechanika-dubai-2023.jpg\",\"width\":1640,\"height\":924},{\"@type\":\"BreadcrumbList\",\"@id\":\"https:\\\/\\\/bcarparts.com\\\/visita-nuestro-stand-en-automechanika-dubai-2023\\\/#breadcrumb\",\"itemListElement\":[{\"@type\":\"ListItem\",\"position\":1,\"name\":\"Home\",\"item\":\"https:\\\/\\\/bcarparts.com\\\/\"},{\"@type\":\"ListItem\",\"position\":2,\"name\":\"Visite nuestro stand en Automechanika Dubai 2023 (2-4 Octubre)\"}]},{\"@type\":\"WebSite\",\"@id\":\"https:\\\/\\\/bcarparts.com\\\/#website\",\"url\":\"https:\\\/\\\/bcarparts.com\\\/\",\"name\":\"BCAR\",\"description\":\"\",\"publisher\":{\"@id\":\"https:\\\/\\\/bcarparts.com\\\/#organization\"},\"potentialAction\":[{\"@type\":\"SearchAction\",\"target\":{\"@type\":\"EntryPoint\",\"urlTemplate\":\"https:\\\/\\\/bcarparts.com\\\/?s={search_term_string}\"},\"query-input\":{\"@type\":\"PropertyValueSpecification\",\"valueRequired\":true,\"valueName\":\"search_term_string\"}}],\"inLanguage\":\"fr-FR\"},{\"@type\":\"Organization\",\"@id\":\"https:\\\/\\\/bcarparts.com\\\/#organization\",\"name\":\"BCAR\",\"url\":\"https:\\\/\\\/bcarparts.com\\\/\",\"logo\":{\"@type\":\"ImageObject\",\"inLanguage\":\"fr-FR\",\"@id\":\"https:\\\/\\\/bcarparts.com\\\/#\\\/schema\\\/logo\\\/image\\\/\",\"url\":\"https:\\\/\\\/bcarparts.com\\\/wp-content\\\/uploads\\\/2025\\\/11\\\/Logo.png\",\"contentUrl\":\"https:\\\/\\\/bcarparts.com\\\/wp-content\\\/uploads\\\/2025\\\/11\\\/Logo.png\",\"width\":88,\"height\":60,\"caption\":\"BCAR\"},\"image\":{\"@id\":\"https:\\\/\\\/bcarparts.com\\\/#\\\/schema\\\/logo\\\/image\\\/\"}},{\"@type\":\"Person\",\"@id\":\"https:\\\/\\\/bcarparts.com\\\/#\\\/schema\\\/person\\\/d23e312973965e6b9da58e1d1133e5eb\",\"name\":\"nasser\",\"image\":{\"@type\":\"ImageObject\",\"inLanguage\":\"fr-FR\",\"@id\":\"https:\\\/\\\/secure.gravatar.com\\\/avatar\\\/6f347731c148bce2c59551483444eb6cebf134c02db72d8ede849a51bdea8e72?s=96&d=mm&r=g\",\"url\":\"https:\\\/\\\/secure.gravatar.com\\\/avatar\\\/6f347731c148bce2c59551483444eb6cebf134c02db72d8ede849a51bdea8e72?s=96&d=mm&r=g\",\"contentUrl\":\"https:\\\/\\\/secure.gravatar.com\\\/avatar\\\/6f347731c148bce2c59551483444eb6cebf134c02db72d8ede849a51bdea8e72?s=96&d=mm&r=g\",\"caption\":\"nasser\"},\"sameAs\":[\"https:\\\/\\\/bcarparts.com\"],\"url\":\"https:\\\/\\\/bcarparts.com\\\/fr\\\/author\\\/nasser\\\/\"}]}<\/script>\n<!-- \/ Yoast SEO plugin. -->","yoast_head_json":{"title":"Visita nuestro stand en Automechanika Dubai 2023","description":"BCAR anuncia su participaci\u00f3n en la 20a edici\u00f3n de Automechanika Dubai a realizarse del 2 al 4 de Octubre en el Dubai World Trade Centre...","robots":{"index":"index","follow":"follow","max-snippet":"max-snippet:-1","max-image-preview":"max-image-preview:large","max-video-preview":"max-video-preview:-1"},"canonical":"https:\/\/bcarparts.com\/fr\/visita-nuestro-stand-en-automechanika-dubai-2023\/","og_locale":"fr_FR","og_type":"article","og_title":"Visita nuestro stand en Automechanika Dubai 2023","og_description":"BCAR anuncia su participaci\u00f3n en la 20a edici\u00f3n de Automechanika Dubai a realizarse del 2 al 4 de Octubre en el Dubai World Trade Centre...","og_url":"https:\/\/bcarparts.com\/fr\/visita-nuestro-stand-en-automechanika-dubai-2023\/","og_site_name":"BCAR","article_published_time":"2023-09-06T06:10:13+00:00","article_modified_time":"2026-03-05T13:17:55+00:00","og_image":[{"width":1640,"height":924,"url":"https:\/\/bcarparts.com\/wp-content\/uploads\/2023\/09\/automechanika-dubai-2023.jpg","type":"image\/jpeg"}],"author":"nasser","twitter_card":"summary_large_image","twitter_misc":{"\u00c9crit par":"nasser","Dur\u00e9e de lecture estim\u00e9e":"1 minute"},"schema":{"@context":"https:\/\/schema.org","@graph":[{"@type":"Article","@id":"https:\/\/bcarparts.com\/visita-nuestro-stand-en-automechanika-dubai-2023\/#article","isPartOf":{"@id":"https:\/\/bcarparts.com\/visita-nuestro-stand-en-automechanika-dubai-2023\/"},"author":{"name":"nasser","@id":"https:\/\/bcarparts.com\/#\/schema\/person\/d23e312973965e6b9da58e1d1133e5eb"},"headline":"Visite nuestro stand en Automechanika Dubai 2023 (2-4 Octubre)","datePublished":"2023-09-06T06:10:13+00:00","dateModified":"2026-03-05T13:17:55+00:00","mainEntityOfPage":{"@id":"https:\/\/bcarparts.com\/visita-nuestro-stand-en-automechanika-dubai-2023\/"},"wordCount":226,"publisher":{"@id":"https:\/\/bcarparts.com\/#organization"},"image":{"@id":"https:\/\/bcarparts.com\/visita-nuestro-stand-en-automechanika-dubai-2023\/#primaryimage"},"thumbnailUrl":"https:\/\/bcarparts.com\/wp-content\/uploads\/2023\/09\/automechanika-dubai-2023.jpg","keywords":["automechanika dubai","automocion","productos","productos nicho"],"articleSection":["FERIAS"],"inLanguage":"fr-FR"},{"@type":"WebPage","@id":"https:\/\/bcarparts.com\/visita-nuestro-stand-en-automechanika-dubai-2023\/","url":"https:\/\/bcarparts.com\/visita-nuestro-stand-en-automechanika-dubai-2023\/","name":"Visita nuestro stand en Automechanika Dubai 2023","isPartOf":{"@id":"https:\/\/bcarparts.com\/#website"},"primaryImageOfPage":{"@id":"https:\/\/bcarparts.com\/visita-nuestro-stand-en-automechanika-dubai-2023\/#primaryimage"},"image":{"@id":"https:\/\/bcarparts.com\/visita-nuestro-stand-en-automechanika-dubai-2023\/#primaryimage"},"thumbnailUrl":"https:\/\/bcarparts.com\/wp-content\/uploads\/2023\/09\/automechanika-dubai-2023.jpg","datePublished":"2023-09-06T06:10:13+00:00","dateModified":"2026-03-05T13:17:55+00:00","description":"BCAR anuncia su participaci\u00f3n en la 20a edici\u00f3n de Automechanika Dubai a realizarse del 2 al 4 de Octubre en el Dubai World Trade Centre...","breadcrumb":{"@id":"https:\/\/bcarparts.com\/visita-nuestro-stand-en-automechanika-dubai-2023\/#breadcrumb"},"inLanguage":"fr-FR","potentialAction":[{"@type":"ReadAction","target":["https:\/\/bcarparts.com\/visita-nuestro-stand-en-automechanika-dubai-2023\/"]}]},{"@type":"ImageObject","inLanguage":"fr-FR","@id":"https:\/\/bcarparts.com\/visita-nuestro-stand-en-automechanika-dubai-2023\/#primaryimage","url":"https:\/\/bcarparts.com\/wp-content\/uploads\/2023\/09\/automechanika-dubai-2023.jpg","contentUrl":"https:\/\/bcarparts.com\/wp-content\/uploads\/2023\/09\/automechanika-dubai-2023.jpg","width":1640,"height":924},{"@type":"BreadcrumbList","@id":"https:\/\/bcarparts.com\/visita-nuestro-stand-en-automechanika-dubai-2023\/#breadcrumb","itemListElement":[{"@type":"ListItem","position":1,"name":"Home","item":"https:\/\/bcarparts.com\/"},{"@type":"ListItem","position":2,"name":"Visite nuestro stand en Automechanika Dubai 2023 (2-4 Octubre)"}]},{"@type":"WebSite","@id":"https:\/\/bcarparts.com\/#website","url":"https:\/\/bcarparts.com\/","name":"BCAR","description":"","publisher":{"@id":"https:\/\/bcarparts.com\/#organization"},"potentialAction":[{"@type":"SearchAction","target":{"@type":"EntryPoint","urlTemplate":"https:\/\/bcarparts.com\/?s={search_term_string}"},"query-input":{"@type":"PropertyValueSpecification","valueRequired":true,"valueName":"search_term_string"}}],"inLanguage":"fr-FR"},{"@type":"Organization","@id":"https:\/\/bcarparts.com\/#organization","name":"BCAR","url":"https:\/\/bcarparts.com\/","logo":{"@type":"ImageObject","inLanguage":"fr-FR","@id":"https:\/\/bcarparts.com\/#\/schema\/logo\/image\/","url":"https:\/\/bcarparts.com\/wp-content\/uploads\/2025\/11\/Logo.png","contentUrl":"https:\/\/bcarparts.com\/wp-content\/uploads\/2025\/11\/Logo.png","width":88,"height":60,"caption":"BCAR"},"image":{"@id":"https:\/\/bcarparts.com\/#\/schema\/logo\/image\/"}},{"@type":"Person","@id":"https:\/\/bcarparts.com\/#\/schema\/person\/d23e312973965e6b9da58e1d1133e5eb","name":"nasser","image":{"@type":"ImageObject","inLanguage":"fr-FR","@id":"https:\/\/secure.gravatar.com\/avatar\/6f347731c148bce2c59551483444eb6cebf134c02db72d8ede849a51bdea8e72?s=96&d=mm&r=g","url":"https:\/\/secure.gravatar.com\/avatar\/6f347731c148bce2c59551483444eb6cebf134c02db72d8ede849a51bdea8e72?s=96&d=mm&r=g","contentUrl":"https:\/\/secure.gravatar.com\/avatar\/6f347731c148bce2c59551483444eb6cebf134c02db72d8ede849a51bdea8e72?s=96&d=mm&r=g","caption":"nasser"},"sameAs":["https:\/\/bcarparts.com"],"url":"https:\/\/bcarparts.com\/fr\/author\/nasser\/"}]}},"_links":{"self":[{"href":"https:\/\/bcarparts.com\/fr\/wp-json\/wp\/v2\/posts\/20456","targetHints":{"allow":["GET"]}}],"collection":[{"href":"https:\/\/bcarparts.com\/fr\/wp-json\/wp\/v2\/posts"}],"about":[{"href":"https:\/\/bcarparts.com\/fr\/wp-json\/wp\/v2\/types\/post"}],"author":[{"embeddable":true,"href":"https:\/\/bcarparts.com\/fr\/wp-json\/wp\/v2\/users\/1"}],"replies":[{"embeddable":true,"href":"https:\/\/bcarparts.com\/fr\/wp-json\/wp\/v2\/comments?post=20456"}],"version-history":[{"count":2,"href":"https:\/\/bcarparts.com\/fr\/wp-json\/wp\/v2\/posts\/20456\/revisions"}],"predecessor-version":[{"id":23327,"href":"https:\/\/bcarparts.com\/fr\/wp-json\/wp\/v2\/posts\/20456\/revisions\/23327"}],"wp:featuredmedia":[{"embeddable":true,"href":"https:\/\/bcarparts.com\/fr\/wp-json\/wp\/v2\/media\/20473"}],"wp:attachment":[{"href":"https:\/\/bcarparts.com\/fr\/wp-json\/wp\/v2\/media?parent=20456"}],"wp:term":[{"taxonomy":"category","embeddable":true,"href":"https:\/\/bcarparts.com\/fr\/wp-json\/wp\/v2\/categories?post=20456"},{"taxonomy":"post_tag","embeddable":true,"href":"https:\/\/bcarparts.com\/fr\/wp-json\/wp\/v2\/tags?post=20456"}],"curies":[{"name":"wp","href":"https:\/\/api.w.org\/{rel}","templated":true}]}}