{"id":22284,"date":"2024-08-15T09:11:02","date_gmt":"2024-08-15T08:11:02","guid":{"rendered":"https:\/\/bcarparts.com\/?p=22284"},"modified":"2026-03-05T13:33:10","modified_gmt":"2026-03-05T12:33:10","slug":"bcar-participara-en-automechanika-frankfurt-2024","status":"publish","type":"post","link":"https:\/\/bcarparts.com\/en\/bcar-participara-en-automechanika-frankfurt-2024\/","title":{"rendered":"BCAR participar\u00e1 en Automechanika Frankfurt 2024"},"content":{"rendered":"<p>En BCAR Auto Parts, nos complace anunciar nuestra participaci\u00f3n en la edici\u00f3n 2024 de Automechanika Frankfurt, el evento l\u00edder de la industria de la automoci\u00f3n. Al igual que en 2022, estaremos presentes en este importante evento que re\u00fane a los principales protagonistas del sector de la automoci\u00f3n de m\u00e1s de 175 pa\u00edses y que se llevar\u00e1 a cabo del <strong>10 al 14 de septiembre <\/strong>en<strong> Frankfurt am Main<\/strong>. Podr\u00e1n encontrarnos nuestra zona de experiencia en el <a href=\"https:\/\/automechanika.messefrankfurt.com\/frankfurt\/en\/exhibitor-search.detail.html\/b-car-auto-parts-slu.html#exhibitorheadline\">Hall 3.0 \u2013 Stand H55<strong>.<\/strong><\/a><\/p>\n\n\n\n<h2 class=\"wp-block-heading\">Demostraciones en vivo<\/h2>\n\n\n\n<p>Como especialistas en productos nicho para la posventa independiente trabajamos constantemente para innovar nuestra gama de productos y, en esta ocasi\u00f3n, nos enfocaremos en presentar <strong>nuestras \u00faltimas ampliaciones de producto<\/strong>. Adem\u00e1s, contaremos con <strong>demostraciones en vivo de una de nuestras gamas principales<\/strong> y podr\u00e1s recibir asesor\u00eda personalizada por parte de nuestro equipo comercial.<\/p>\n\n\n\n<p>Si tienes previsto visitar la feria, puedes <strong>solicitar una reuni\u00f3n<\/strong> con nuestros representantes del equipo Comercial haciendo <strong>clic en fecha y hora que mejor se adapte a tu agenda<\/strong>:<\/p>\n\n\n\n<p><!-- Calendly inline widget begin --><br>\n<!-- Calendly inline widget end --><\/p>\n\n\n\n<p>Con ventas en m\u00e1s de 50 pa\u00edses y m\u00e1s de una d\u00e9cada de experiencia, en BCAR nos hemos consolidado como especialistas en el desarrollo de productos nicho. <strong>Ayudamos a nuestros clientes a maximizar la rentabilidad de sus negocios<\/strong> con un porfolio que suma m\u00e1s de 4.000 referencias y 140.000 aplicaciones.<\/p>\n\n\n\n<p>Para m\u00e1s informaci\u00f3n, pueden contactarnos a trav\u00e9s de nuestros canales habituales o contactar con nuestro <strong>representante de zona<\/strong>, <strong>St\u00e9phane Bouverot-Reymond<\/strong>, escribiendo al correo electr\u00f3nico: <a href=\"mailto:sales@bcarparts.com\">sales@bcarparts.com<\/a>.<\/p>\n\n\n\n<h2 class=\"wp-block-heading\">Informaci\u00f3n pr\u00e1ctica<\/h2>\n\n\n\n<ul class=\"wp-block-list\">\n<li><strong>Fechas del evento:<\/strong> 10 &#8211; 14 de septiembre de 2024<\/li>\n\n\n\n<li><strong>Horario de apertura:<\/strong> 9.00 &#8211; 18.00 h (10 &#8211; 13 de septiembre), 9.00 &#8211; 17.00 h (14 de septiembre)<\/li>\n\n\n\n<li><strong>Direcci\u00f3n del evento:<\/strong><\/li>\n<\/ul>\n\n\n\n<p><iframe style=\"border: 0;\" src=\"https:\/\/www.google.com\/maps\/embed?pb=!1m18!1m12!1m3!1d5117.491663346621!2d8.645212376901654!3d50.109764211834985!2m3!1f0!2f0!3f0!3m2!1i1024!2i768!4f13.1!3m3!1m2!1s0x47bd095f5c906233%3A0x417cd95a68e1ed7b!2sAutomechanika%20Frankfurt!5e0!3m2!1ses!2ses!4v1721810408808!5m2!1ses!2ses\" width=\"400\" height=\"300\" allowfullscreen=\"allowfullscreen\"><\/iframe><\/p>\n\n\n\n<p>\u00a1Estamos deseando verte en esta nueva edici\u00f3n de Automechanika Frankfurt!<\/p>\n\n\n\n<p><strong>El equipo BCAR<\/strong><\/p>\n\n\n\n<p><\/p>","protected":false},"excerpt":{"rendered":"<p>En BCAR Auto Parts, nos complace anunciar nuestra participaci\u00f3n en la edici\u00f3n 2024 de Automechanika Frankfurt, el evento l\u00edder de la industria de la automoci\u00f3n. Al igual que en 2022, estaremos presentes en este importante evento que re\u00fane a los principales protagonistas del sector de la automoci\u00f3n de m\u00e1s de 175 pa\u00edses y que se [&hellip;]<\/p>\n","protected":false},"author":1,"featured_media":22317,"comment_status":"closed","ping_status":"open","sticky":false,"template":"","format":"standard","meta":{"footnotes":""},"categories":[102],"tags":[126,127,14,26,128,23,104],"class_list":["post-22284","post","type-post","status-publish","format-standard","has-post-thumbnail","hentry","category-ferias-bcar","tag-automechanika-2","tag-automechanika-frankfurt","tag-automocion","tag-bcar-2","tag-ferias","tag-posventa-independiente","tag-productos-nicho"],"yoast_head":"<!-- This site is optimized with the Yoast SEO plugin v27.5 - https:\/\/yoast.com\/product\/yoast-seo-wordpress\/ -->\n<title>BCAR participar\u00e1 en Automechanika Frankfurt 2024<\/title>\n<meta name=\"description\" content=\"Anunciamos nuestra participaci\u00f3n en Automechanika Frankfurt. Al igual que en 2022, estaremos presentes en este evento l\u00edder de la industria\" \/>\n<meta name=\"robots\" content=\"index, follow, max-snippet:-1, max-image-preview:large, max-video-preview:-1\" \/>\n<link rel=\"canonical\" href=\"https:\/\/bcarparts.com\/en\/bcar-participara-en-automechanika-frankfurt-2024\/\" \/>\n<meta property=\"og:locale\" content=\"en_US\" \/>\n<meta property=\"og:type\" content=\"article\" \/>\n<meta property=\"og:title\" content=\"BCAR participar\u00e1 en Automechanika Frankfurt 2024\" \/>\n<meta property=\"og:description\" content=\"Anunciamos nuestra participaci\u00f3n en Automechanika Frankfurt. Al igual que en 2022, estaremos presentes en este evento l\u00edder de la industria\" \/>\n<meta property=\"og:url\" content=\"https:\/\/bcarparts.com\/en\/bcar-participara-en-automechanika-frankfurt-2024\/\" \/>\n<meta property=\"og:site_name\" content=\"BCAR\" \/>\n<meta property=\"article:published_time\" content=\"2024-08-15T08:11:02+00:00\" \/>\n<meta property=\"article:modified_time\" content=\"2026-03-05T12:33:10+00:00\" \/>\n<meta property=\"og:image\" content=\"https:\/\/bcarparts.com\/wp-content\/uploads\/2024\/07\/BLOG-POST_STAND-BCAR_AM-FRA-2024-4.jpg\" \/>\n\t<meta property=\"og:image:width\" content=\"1640\" \/>\n\t<meta property=\"og:image:height\" content=\"924\" \/>\n\t<meta property=\"og:image:type\" content=\"image\/jpeg\" \/>\n<meta name=\"author\" content=\"nasser\" \/>\n<meta name=\"twitter:card\" content=\"summary_large_image\" \/>\n<meta name=\"twitter:label1\" content=\"Written by\" \/>\n\t<meta name=\"twitter:data1\" content=\"nasser\" \/>\n\t<meta name=\"twitter:label2\" content=\"Est. reading time\" \/>\n\t<meta name=\"twitter:data2\" content=\"1 minute\" \/>\n<script type=\"application\/ld+json\" class=\"yoast-schema-graph\">{\"@context\":\"https:\\\/\\\/schema.org\",\"@graph\":[{\"@type\":\"Article\",\"@id\":\"https:\\\/\\\/bcarparts.com\\\/bcar-participara-en-automechanika-frankfurt-2024\\\/#article\",\"isPartOf\":{\"@id\":\"https:\\\/\\\/bcarparts.com\\\/bcar-participara-en-automechanika-frankfurt-2024\\\/\"},\"author\":{\"name\":\"nasser\",\"@id\":\"https:\\\/\\\/bcarparts.com\\\/#\\\/schema\\\/person\\\/d23e312973965e6b9da58e1d1133e5eb\"},\"headline\":\"BCAR participar\u00e1 en Automechanika Frankfurt 2024\",\"datePublished\":\"2024-08-15T08:11:02+00:00\",\"dateModified\":\"2026-03-05T12:33:10+00:00\",\"mainEntityOfPage\":{\"@id\":\"https:\\\/\\\/bcarparts.com\\\/bcar-participara-en-automechanika-frankfurt-2024\\\/\"},\"wordCount\":303,\"publisher\":{\"@id\":\"https:\\\/\\\/bcarparts.com\\\/#organization\"},\"image\":{\"@id\":\"https:\\\/\\\/bcarparts.com\\\/bcar-participara-en-automechanika-frankfurt-2024\\\/#primaryimage\"},\"thumbnailUrl\":\"https:\\\/\\\/bcarparts.com\\\/wp-content\\\/uploads\\\/2024\\\/07\\\/BLOG-POST_STAND-BCAR_AM-FRA-2024-4.jpg\",\"keywords\":[\"automechanika\",\"Automechanika Frankfurt\",\"automocion\",\"BCAR\",\"ferias\",\"posventa independiente\",\"productos nicho\"],\"articleSection\":[\"FERIAS\"],\"inLanguage\":\"en-US\"},{\"@type\":\"WebPage\",\"@id\":\"https:\\\/\\\/bcarparts.com\\\/bcar-participara-en-automechanika-frankfurt-2024\\\/\",\"url\":\"https:\\\/\\\/bcarparts.com\\\/bcar-participara-en-automechanika-frankfurt-2024\\\/\",\"name\":\"BCAR participar\u00e1 en Automechanika Frankfurt 2024\",\"isPartOf\":{\"@id\":\"https:\\\/\\\/bcarparts.com\\\/#website\"},\"primaryImageOfPage\":{\"@id\":\"https:\\\/\\\/bcarparts.com\\\/bcar-participara-en-automechanika-frankfurt-2024\\\/#primaryimage\"},\"image\":{\"@id\":\"https:\\\/\\\/bcarparts.com\\\/bcar-participara-en-automechanika-frankfurt-2024\\\/#primaryimage\"},\"thumbnailUrl\":\"https:\\\/\\\/bcarparts.com\\\/wp-content\\\/uploads\\\/2024\\\/07\\\/BLOG-POST_STAND-BCAR_AM-FRA-2024-4.jpg\",\"datePublished\":\"2024-08-15T08:11:02+00:00\",\"dateModified\":\"2026-03-05T12:33:10+00:00\",\"description\":\"Anunciamos nuestra participaci\u00f3n en Automechanika Frankfurt. Al igual que en 2022, estaremos presentes en este evento l\u00edder de la industria\",\"breadcrumb\":{\"@id\":\"https:\\\/\\\/bcarparts.com\\\/bcar-participara-en-automechanika-frankfurt-2024\\\/#breadcrumb\"},\"inLanguage\":\"en-US\",\"potentialAction\":[{\"@type\":\"ReadAction\",\"target\":[\"https:\\\/\\\/bcarparts.com\\\/bcar-participara-en-automechanika-frankfurt-2024\\\/\"]}]},{\"@type\":\"ImageObject\",\"inLanguage\":\"en-US\",\"@id\":\"https:\\\/\\\/bcarparts.com\\\/bcar-participara-en-automechanika-frankfurt-2024\\\/#primaryimage\",\"url\":\"https:\\\/\\\/bcarparts.com\\\/wp-content\\\/uploads\\\/2024\\\/07\\\/BLOG-POST_STAND-BCAR_AM-FRA-2024-4.jpg\",\"contentUrl\":\"https:\\\/\\\/bcarparts.com\\\/wp-content\\\/uploads\\\/2024\\\/07\\\/BLOG-POST_STAND-BCAR_AM-FRA-2024-4.jpg\",\"width\":1640,\"height\":924},{\"@type\":\"BreadcrumbList\",\"@id\":\"https:\\\/\\\/bcarparts.com\\\/bcar-participara-en-automechanika-frankfurt-2024\\\/#breadcrumb\",\"itemListElement\":[{\"@type\":\"ListItem\",\"position\":1,\"name\":\"Home\",\"item\":\"https:\\\/\\\/bcarparts.com\\\/\"},{\"@type\":\"ListItem\",\"position\":2,\"name\":\"BCAR participar\u00e1 en Automechanika Frankfurt 2024\"}]},{\"@type\":\"WebSite\",\"@id\":\"https:\\\/\\\/bcarparts.com\\\/#website\",\"url\":\"https:\\\/\\\/bcarparts.com\\\/\",\"name\":\"BCAR\",\"description\":\"\",\"publisher\":{\"@id\":\"https:\\\/\\\/bcarparts.com\\\/#organization\"},\"potentialAction\":[{\"@type\":\"SearchAction\",\"target\":{\"@type\":\"EntryPoint\",\"urlTemplate\":\"https:\\\/\\\/bcarparts.com\\\/?s={search_term_string}\"},\"query-input\":{\"@type\":\"PropertyValueSpecification\",\"valueRequired\":true,\"valueName\":\"search_term_string\"}}],\"inLanguage\":\"en-US\"},{\"@type\":\"Organization\",\"@id\":\"https:\\\/\\\/bcarparts.com\\\/#organization\",\"name\":\"BCAR\",\"url\":\"https:\\\/\\\/bcarparts.com\\\/\",\"logo\":{\"@type\":\"ImageObject\",\"inLanguage\":\"en-US\",\"@id\":\"https:\\\/\\\/bcarparts.com\\\/#\\\/schema\\\/logo\\\/image\\\/\",\"url\":\"https:\\\/\\\/bcarparts.com\\\/wp-content\\\/uploads\\\/2025\\\/11\\\/Logo.png\",\"contentUrl\":\"https:\\\/\\\/bcarparts.com\\\/wp-content\\\/uploads\\\/2025\\\/11\\\/Logo.png\",\"width\":88,\"height\":60,\"caption\":\"BCAR\"},\"image\":{\"@id\":\"https:\\\/\\\/bcarparts.com\\\/#\\\/schema\\\/logo\\\/image\\\/\"}},{\"@type\":\"Person\",\"@id\":\"https:\\\/\\\/bcarparts.com\\\/#\\\/schema\\\/person\\\/d23e312973965e6b9da58e1d1133e5eb\",\"name\":\"nasser\",\"image\":{\"@type\":\"ImageObject\",\"inLanguage\":\"en-US\",\"@id\":\"https:\\\/\\\/secure.gravatar.com\\\/avatar\\\/6f347731c148bce2c59551483444eb6cebf134c02db72d8ede849a51bdea8e72?s=96&d=mm&r=g\",\"url\":\"https:\\\/\\\/secure.gravatar.com\\\/avatar\\\/6f347731c148bce2c59551483444eb6cebf134c02db72d8ede849a51bdea8e72?s=96&d=mm&r=g\",\"contentUrl\":\"https:\\\/\\\/secure.gravatar.com\\\/avatar\\\/6f347731c148bce2c59551483444eb6cebf134c02db72d8ede849a51bdea8e72?s=96&d=mm&r=g\",\"caption\":\"nasser\"},\"sameAs\":[\"https:\\\/\\\/bcarparts.com\"],\"url\":\"https:\\\/\\\/bcarparts.com\\\/en\\\/author\\\/nasser\\\/\"}]}<\/script>\n<!-- \/ Yoast SEO plugin. -->","yoast_head_json":{"title":"BCAR participar\u00e1 en Automechanika Frankfurt 2024","description":"Anunciamos nuestra participaci\u00f3n en Automechanika Frankfurt. Al igual que en 2022, estaremos presentes en este evento l\u00edder de la industria","robots":{"index":"index","follow":"follow","max-snippet":"max-snippet:-1","max-image-preview":"max-image-preview:large","max-video-preview":"max-video-preview:-1"},"canonical":"https:\/\/bcarparts.com\/en\/bcar-participara-en-automechanika-frankfurt-2024\/","og_locale":"en_US","og_type":"article","og_title":"BCAR participar\u00e1 en Automechanika Frankfurt 2024","og_description":"Anunciamos nuestra participaci\u00f3n en Automechanika Frankfurt. Al igual que en 2022, estaremos presentes en este evento l\u00edder de la industria","og_url":"https:\/\/bcarparts.com\/en\/bcar-participara-en-automechanika-frankfurt-2024\/","og_site_name":"BCAR","article_published_time":"2024-08-15T08:11:02+00:00","article_modified_time":"2026-03-05T12:33:10+00:00","og_image":[{"width":1640,"height":924,"url":"https:\/\/bcarparts.com\/wp-content\/uploads\/2024\/07\/BLOG-POST_STAND-BCAR_AM-FRA-2024-4.jpg","type":"image\/jpeg"}],"author":"nasser","twitter_card":"summary_large_image","twitter_misc":{"Written by":"nasser","Est. reading time":"1 minute"},"schema":{"@context":"https:\/\/schema.org","@graph":[{"@type":"Article","@id":"https:\/\/bcarparts.com\/bcar-participara-en-automechanika-frankfurt-2024\/#article","isPartOf":{"@id":"https:\/\/bcarparts.com\/bcar-participara-en-automechanika-frankfurt-2024\/"},"author":{"name":"nasser","@id":"https:\/\/bcarparts.com\/#\/schema\/person\/d23e312973965e6b9da58e1d1133e5eb"},"headline":"BCAR participar\u00e1 en Automechanika Frankfurt 2024","datePublished":"2024-08-15T08:11:02+00:00","dateModified":"2026-03-05T12:33:10+00:00","mainEntityOfPage":{"@id":"https:\/\/bcarparts.com\/bcar-participara-en-automechanika-frankfurt-2024\/"},"wordCount":303,"publisher":{"@id":"https:\/\/bcarparts.com\/#organization"},"image":{"@id":"https:\/\/bcarparts.com\/bcar-participara-en-automechanika-frankfurt-2024\/#primaryimage"},"thumbnailUrl":"https:\/\/bcarparts.com\/wp-content\/uploads\/2024\/07\/BLOG-POST_STAND-BCAR_AM-FRA-2024-4.jpg","keywords":["automechanika","Automechanika Frankfurt","automocion","BCAR","ferias","posventa independiente","productos nicho"],"articleSection":["FERIAS"],"inLanguage":"en-US"},{"@type":"WebPage","@id":"https:\/\/bcarparts.com\/bcar-participara-en-automechanika-frankfurt-2024\/","url":"https:\/\/bcarparts.com\/bcar-participara-en-automechanika-frankfurt-2024\/","name":"BCAR participar\u00e1 en Automechanika Frankfurt 2024","isPartOf":{"@id":"https:\/\/bcarparts.com\/#website"},"primaryImageOfPage":{"@id":"https:\/\/bcarparts.com\/bcar-participara-en-automechanika-frankfurt-2024\/#primaryimage"},"image":{"@id":"https:\/\/bcarparts.com\/bcar-participara-en-automechanika-frankfurt-2024\/#primaryimage"},"thumbnailUrl":"https:\/\/bcarparts.com\/wp-content\/uploads\/2024\/07\/BLOG-POST_STAND-BCAR_AM-FRA-2024-4.jpg","datePublished":"2024-08-15T08:11:02+00:00","dateModified":"2026-03-05T12:33:10+00:00","description":"Anunciamos nuestra participaci\u00f3n en Automechanika Frankfurt. Al igual que en 2022, estaremos presentes en este evento l\u00edder de la industria","breadcrumb":{"@id":"https:\/\/bcarparts.com\/bcar-participara-en-automechanika-frankfurt-2024\/#breadcrumb"},"inLanguage":"en-US","potentialAction":[{"@type":"ReadAction","target":["https:\/\/bcarparts.com\/bcar-participara-en-automechanika-frankfurt-2024\/"]}]},{"@type":"ImageObject","inLanguage":"en-US","@id":"https:\/\/bcarparts.com\/bcar-participara-en-automechanika-frankfurt-2024\/#primaryimage","url":"https:\/\/bcarparts.com\/wp-content\/uploads\/2024\/07\/BLOG-POST_STAND-BCAR_AM-FRA-2024-4.jpg","contentUrl":"https:\/\/bcarparts.com\/wp-content\/uploads\/2024\/07\/BLOG-POST_STAND-BCAR_AM-FRA-2024-4.jpg","width":1640,"height":924},{"@type":"BreadcrumbList","@id":"https:\/\/bcarparts.com\/bcar-participara-en-automechanika-frankfurt-2024\/#breadcrumb","itemListElement":[{"@type":"ListItem","position":1,"name":"Home","item":"https:\/\/bcarparts.com\/"},{"@type":"ListItem","position":2,"name":"BCAR participar\u00e1 en Automechanika Frankfurt 2024"}]},{"@type":"WebSite","@id":"https:\/\/bcarparts.com\/#website","url":"https:\/\/bcarparts.com\/","name":"BCAR","description":"","publisher":{"@id":"https:\/\/bcarparts.com\/#organization"},"potentialAction":[{"@type":"SearchAction","target":{"@type":"EntryPoint","urlTemplate":"https:\/\/bcarparts.com\/?s={search_term_string}"},"query-input":{"@type":"PropertyValueSpecification","valueRequired":true,"valueName":"search_term_string"}}],"inLanguage":"en-US"},{"@type":"Organization","@id":"https:\/\/bcarparts.com\/#organization","name":"BCAR","url":"https:\/\/bcarparts.com\/","logo":{"@type":"ImageObject","inLanguage":"en-US","@id":"https:\/\/bcarparts.com\/#\/schema\/logo\/image\/","url":"https:\/\/bcarparts.com\/wp-content\/uploads\/2025\/11\/Logo.png","contentUrl":"https:\/\/bcarparts.com\/wp-content\/uploads\/2025\/11\/Logo.png","width":88,"height":60,"caption":"BCAR"},"image":{"@id":"https:\/\/bcarparts.com\/#\/schema\/logo\/image\/"}},{"@type":"Person","@id":"https:\/\/bcarparts.com\/#\/schema\/person\/d23e312973965e6b9da58e1d1133e5eb","name":"nasser","image":{"@type":"ImageObject","inLanguage":"en-US","@id":"https:\/\/secure.gravatar.com\/avatar\/6f347731c148bce2c59551483444eb6cebf134c02db72d8ede849a51bdea8e72?s=96&d=mm&r=g","url":"https:\/\/secure.gravatar.com\/avatar\/6f347731c148bce2c59551483444eb6cebf134c02db72d8ede849a51bdea8e72?s=96&d=mm&r=g","contentUrl":"https:\/\/secure.gravatar.com\/avatar\/6f347731c148bce2c59551483444eb6cebf134c02db72d8ede849a51bdea8e72?s=96&d=mm&r=g","caption":"nasser"},"sameAs":["https:\/\/bcarparts.com"],"url":"https:\/\/bcarparts.com\/en\/author\/nasser\/"}]}},"_links":{"self":[{"href":"https:\/\/bcarparts.com\/en\/wp-json\/wp\/v2\/posts\/22284","targetHints":{"allow":["GET"]}}],"collection":[{"href":"https:\/\/bcarparts.com\/en\/wp-json\/wp\/v2\/posts"}],"about":[{"href":"https:\/\/bcarparts.com\/en\/wp-json\/wp\/v2\/types\/post"}],"author":[{"embeddable":true,"href":"https:\/\/bcarparts.com\/en\/wp-json\/wp\/v2\/users\/1"}],"replies":[{"embeddable":true,"href":"https:\/\/bcarparts.com\/en\/wp-json\/wp\/v2\/comments?post=22284"}],"version-history":[{"count":3,"href":"https:\/\/bcarparts.com\/en\/wp-json\/wp\/v2\/posts\/22284\/revisions"}],"predecessor-version":[{"id":23281,"href":"https:\/\/bcarparts.com\/en\/wp-json\/wp\/v2\/posts\/22284\/revisions\/23281"}],"wp:featuredmedia":[{"embeddable":true,"href":"https:\/\/bcarparts.com\/en\/wp-json\/wp\/v2\/media\/22317"}],"wp:attachment":[{"href":"https:\/\/bcarparts.com\/en\/wp-json\/wp\/v2\/media?parent=22284"}],"wp:term":[{"taxonomy":"category","embeddable":true,"href":"https:\/\/bcarparts.com\/en\/wp-json\/wp\/v2\/categories?post=22284"},{"taxonomy":"post_tag","embeddable":true,"href":"https:\/\/bcarparts.com\/en\/wp-json\/wp\/v2\/tags?post=22284"}],"curies":[{"name":"wp","href":"https:\/\/api.w.org\/{rel}","templated":true}]}}